{"id":3049,"date":"2019-06-18T18:10:35","date_gmt":"2019-06-18T17:10:35","guid":{"rendered":"http:\/\/www.varietyjazz.be\/?p=3049"},"modified":"2019-12-16T14:38:31","modified_gmt":"2019-12-16T13:38:31","slug":"samedi-8-septembre-2019","status":"publish","type":"post","link":"https:\/\/www.varietyjazz.be\/?p=3049","title":{"rendered":"Samedi 7 Septembre 2019"},"content":{"rendered":"\n<p>Concert \u00e0 Longwy, Place du Colonel Darche, dans le cadre des manifestations du 75e anniversaire de la Lib\u00e9ration des Trois Fronti\u00e8res.<\/p>\n\n\n\n<figure class=\"wp-block-image\"><img loading=\"lazy\" decoding=\"async\" width=\"689\" height=\"800\" src=\"http:\/\/www.varietyjazz.be\/wp-content\/uploads\/2019\/09\/20190907_35-1.jpg\" alt=\"\" class=\"wp-image-3056\" srcset=\"https:\/\/www.varietyjazz.be\/wp-content\/uploads\/2019\/09\/20190907_35-1.jpg 689w, https:\/\/www.varietyjazz.be\/wp-content\/uploads\/2019\/09\/20190907_35-1-258x300.jpg 258w, https:\/\/www.varietyjazz.be\/wp-content\/uploads\/2019\/09\/20190907_35-1-129x150.jpg 129w\" sizes=\"auto, (max-width: 689px) 100vw, 689px\" \/><figcaption>Le Variety Jazz sur le podium \u00e0 Longwy<\/figcaption><\/figure>\n\n\n\n<p><\/p>\n","protected":false},"excerpt":{"rendered":"<p>Concert \u00e0 Longwy, Place du Colonel Darche, dans le cadre des manifestations du 75e anniversaire de la Lib\u00e9ration des Trois Fronti\u00e8res.<\/p>\n","protected":false},"author":32,"featured_media":0,"comment_status":"closed","ping_status":"closed","sticky":true,"template":"","format":"standard","meta":{"footnotes":""},"categories":[17],"tags":[],"class_list":["post-3049","post","type-post","status-publish","format-standard","hentry","category-archives"],"_links":{"self":[{"href":"https:\/\/www.varietyjazz.be\/index.php?rest_route=\/wp\/v2\/posts\/3049","targetHints":{"allow":["GET"]}}],"collection":[{"href":"https:\/\/www.varietyjazz.be\/index.php?rest_route=\/wp\/v2\/posts"}],"about":[{"href":"https:\/\/www.varietyjazz.be\/index.php?rest_route=\/wp\/v2\/types\/post"}],"author":[{"embeddable":true,"href":"https:\/\/www.varietyjazz.be\/index.php?rest_route=\/wp\/v2\/users\/32"}],"replies":[{"embeddable":true,"href":"https:\/\/www.varietyjazz.be\/index.php?rest_route=%2Fwp%2Fv2%2Fcomments&post=3049"}],"version-history":[{"count":2,"href":"https:\/\/www.varietyjazz.be\/index.php?rest_route=\/wp\/v2\/posts\/3049\/revisions"}],"predecessor-version":[{"id":3057,"href":"https:\/\/www.varietyjazz.be\/index.php?rest_route=\/wp\/v2\/posts\/3049\/revisions\/3057"}],"wp:attachment":[{"href":"https:\/\/www.varietyjazz.be\/index.php?rest_route=%2Fwp%2Fv2%2Fmedia&parent=3049"}],"wp:term":[{"taxonomy":"category","embeddable":true,"href":"https:\/\/www.varietyjazz.be\/index.php?rest_route=%2Fwp%2Fv2%2Fcategories&post=3049"},{"taxonomy":"post_tag","embeddable":true,"href":"https:\/\/www.varietyjazz.be\/index.php?rest_route=%2Fwp%2Fv2%2Ftags&post=3049"}],"curies":[{"name":"wp","href":"https:\/\/api.w.org\/{rel}","templated":true}]}}