{"id":2406,"date":"2017-04-03T19:29:17","date_gmt":"2017-04-03T18:29:17","guid":{"rendered":"http:\/\/www.varietyjazz.be\/?p=2406"},"modified":"2017-09-10T14:01:28","modified_gmt":"2017-09-10T13:01:28","slug":"samedi-9-septembre-2017","status":"publish","type":"post","link":"https:\/\/www.varietyjazz.be\/?p=2406","title":{"rendered":"Samedi 9 Septembre 2017"},"content":{"rendered":"<p>Samedi 9 Septembre 2017 \u00e0 20H00<\/p>\n<p>Place d&rsquo;Armes \u00e0 Luxembourg<\/p>\n<p><p> Voir les vid\u00e9os sur cette <a href=\"http:\/\/www.varietyjazz.be\/?page_id=2789\"> page<\/a> et les photos sur <a href=\"http:\/\/www.varietyjazz.be\/?page_id=2832\"> celle-ci<\/a>.<br \/>\n<img src='http:\/\/www.varietyjazz.be\/wp-content\/gallery\/concert-luxembourg-9-septembre-2017\/20170909_23.JPG' alt='20170909_23' class='ngg-singlepic ngg-none' \/><br \/>\n<!--\n\n\n<p><a href=\"http:\/\/www.varietyjazz.be\/?page_id=2381\"><img loading=\"lazy\" decoding=\"async\" class=\"alignnone\" src=\"http:\/\/www.varietyjazz.be\/wp-content\/gallery\/concert-luxembourg-5-septembre-2015\/DSC_1196.jpg\" alt=\"\" width=\"532\" height=\"355\" \/><\/a>\n--><\/p>\n","protected":false},"excerpt":{"rendered":"<p>Samedi 9 Septembre 2017 \u00e0 20H00 Place d&rsquo;Armes \u00e0 Luxembourg Voir les vid\u00e9os sur cette page et les photos sur celle-ci.<\/p>\n","protected":false},"author":32,"featured_media":0,"comment_status":"closed","ping_status":"closed","sticky":true,"template":"","format":"standard","meta":{"footnotes":""},"categories":[17],"tags":[],"class_list":["post-2406","post","type-post","status-publish","format-standard","hentry","category-archives"],"_links":{"self":[{"href":"https:\/\/www.varietyjazz.be\/index.php?rest_route=\/wp\/v2\/posts\/2406","targetHints":{"allow":["GET"]}}],"collection":[{"href":"https:\/\/www.varietyjazz.be\/index.php?rest_route=\/wp\/v2\/posts"}],"about":[{"href":"https:\/\/www.varietyjazz.be\/index.php?rest_route=\/wp\/v2\/types\/post"}],"author":[{"embeddable":true,"href":"https:\/\/www.varietyjazz.be\/index.php?rest_route=\/wp\/v2\/users\/32"}],"replies":[{"embeddable":true,"href":"https:\/\/www.varietyjazz.be\/index.php?rest_route=%2Fwp%2Fv2%2Fcomments&post=2406"}],"version-history":[{"count":7,"href":"https:\/\/www.varietyjazz.be\/index.php?rest_route=\/wp\/v2\/posts\/2406\/revisions"}],"predecessor-version":[{"id":2835,"href":"https:\/\/www.varietyjazz.be\/index.php?rest_route=\/wp\/v2\/posts\/2406\/revisions\/2835"}],"wp:attachment":[{"href":"https:\/\/www.varietyjazz.be\/index.php?rest_route=%2Fwp%2Fv2%2Fmedia&parent=2406"}],"wp:term":[{"taxonomy":"category","embeddable":true,"href":"https:\/\/www.varietyjazz.be\/index.php?rest_route=%2Fwp%2Fv2%2Fcategories&post=2406"},{"taxonomy":"post_tag","embeddable":true,"href":"https:\/\/www.varietyjazz.be\/index.php?rest_route=%2Fwp%2Fv2%2Ftags&post=2406"}],"curies":[{"name":"wp","href":"https:\/\/api.w.org\/{rel}","templated":true}]}}